{"id":33924,"date":"2026-03-13T10:58:38","date_gmt":"2026-03-13T09:58:38","guid":{"rendered":"https:\/\/www.rozaje.me\/?p=33924"},"modified":"2026-03-13T10:58:40","modified_gmt":"2026-03-13T09:58:40","slug":"javni-poziv-gradjanima-predstavnicima-mjesnih-zajednica-nevladinim-i-drugim-organizacijama-lokalnim-i-drzavnim-institucijama-strucnoj-javnosti-i-svim-zainteresovanim-licima-da-se-ukljuce-u-javnu-r","status":"publish","type":"post","link":"https:\/\/www.rozaje.me\/en\/javni-poziv-gradjanima-predstavnicima-mjesnih-zajednica-nevladinim-i-drugim-organizacijama-lokalnim-i-drzavnim-institucijama-strucnoj-javnosti-i-svim-zainteresovanim-licima-da-se-ukljuce-u-javnu-r\/","title":{"rendered":"Javni poziv gra\u0111anima, predstavnicima mjesnih zajednica, nevladinim i drugim organizacijama, lokalnim i dr\u017eavnim institucijama, stru\u010dnoj javnosti i svim zainteresovanim licima da se uklju\u010de u javnu raspravu i daju svoj doprinos razmatranju Nacrta programa investicionih aktivnosti op\u0161tine Ro\u017eaje za 2026. godinu."},"content":{"rendered":"<p>Na osnovu \u010dl.167 i \u010dl.168 Zakona o lokalnoj samoupravi ( \u201eSl.list CG\u201c br.02\/18, 34\/19,&nbsp; 38\/20, 50\/22 i 84\/22), i \u010dl. 138 i \u010dl.139 Statuta op\u0161tine Ro\u017eaje (\u201eSl.list CG\u201c br.38\/18, 16\/21 &#8211; Op\u0161tinski propisi), Op\u0161tina Ro\u017eaje, Direkcija za investicije i razvojne projekte daje na javnu raspravu:<\/p>\n\n\n\n<p class=\"has-text-align-center\"><strong>DRAFT PROGRAM<\/strong><\/p>\n\n\n\n<p class=\"has-text-align-center\"><strong>INVESTICIONIH AKTIVNOSTI OP\u0160TINE RO\u017dAJE ZA 202<\/strong><strong>6<\/strong><strong>. GODINU<\/strong><\/p>\n\n\n\n<p class=\"has-text-align-center\">and refers<\/p>\n\n\n\n<p class=\"has-text-align-center\"><strong>PUBLIC CALL<\/strong><\/p>\n\n\n\n<p>gra\u0111anima, predstavnicima mjesnih zajednica, nevladinim i drugim organizacijama, lokalnim i dr\u017eavnim institucijama, stru\u010dnoj javnosti i svim zainteresovanim licima da se uklju\u010de u javnu raspravu i daju svoj doprinos razmatranju Nacrta programa investicionih aktivnosti op\u0161tine Ro\u017eaje za 2026. godinu.<\/p>\n\n\n\n<p>Javna rasprava o Nacrtu programa investicionih aktivnosti op\u0161tine Ro\u017eaje za 2026. godinu, traja\u0107e 15 dana od dana objavljivanja Javnog poziva na internet stranici Op\u0161tine Ro\u017eaje.<\/p>\n\n\n\n<p>Prijedlozi, sugestije i komentari na Nacrt programa investicionih aktivnosti op\u0161tine Ro\u017eaje za 2026. godinu mogu se dostaviti Direkciji za investicije i&nbsp; razvojne projekte op\u0161tine Ro\u017eaje u pisanoj formi ulica Mar\u0161ala Tita, 84310 Ro\u017eaje&nbsp; ili u elektronskoj formi na e-mail: <a href=\"mailto:direkcija.rozaje@gmail.com\">direkcija.rozaje@gmail.com<\/a> do isteka roka. Primjerak Nacrta u \u0161tampanoj formi mo\u017ee se preuzeti u prostorijama Direkcije za investicije i razvojne projekte (Adresa: Ulica 13.jula, Ro\u017eaje, zgrada Centra za kulturu, I sprat), svakog radnog dana od 09 do 14h.<\/p>\n\n\n\n<p><strong>Centralna javna raspava, odr\u017ea\u0107e se u <\/strong><strong>srijedu<\/strong><strong>, <\/strong><strong>25<\/strong><strong>. <\/strong><strong>marta<\/strong><strong>, beginning in <\/strong><strong>10:00<\/strong><strong>h, u maloj sali Centra za kulturu op\u0161tine Ro\u017eaje.<\/strong><\/p>\n\n\n\n<p>Kontakt osoba za infromisanje o javnoj rasparavi je Nermina Ba\u0161i\u0107-\u0160krijelj, elektronska po\u0161ta: <a href=\"mailto:nermina.basic.skrijelj@gmail.com\">nermina.basic.skrijelj@gmail.com<\/a>, contact phone number 051\/271-445.&nbsp;<\/p>\n\n\n\n<p class=\"has-text-align-right\"><strong>&nbsp;&nbsp;&nbsp;&nbsp;&nbsp;&nbsp;&nbsp;&nbsp;&nbsp;&nbsp;&nbsp;&nbsp;&nbsp;&nbsp;&nbsp;&nbsp;&nbsp;&nbsp;&nbsp;&nbsp;&nbsp;&nbsp;&nbsp;&nbsp;&nbsp;&nbsp;&nbsp;&nbsp;&nbsp;&nbsp;&nbsp;&nbsp;&nbsp;&nbsp;&nbsp;&nbsp;&nbsp;&nbsp;&nbsp;&nbsp;&nbsp;&nbsp;&nbsp;&nbsp;&nbsp;&nbsp;&nbsp;&nbsp;&nbsp;&nbsp;&nbsp;&nbsp;&nbsp;&nbsp;&nbsp;&nbsp;&nbsp;&nbsp;&nbsp;&nbsp;&nbsp;&nbsp;&nbsp;&nbsp;&nbsp;&nbsp;&nbsp;&nbsp;&nbsp;&nbsp;&nbsp;&nbsp;&nbsp;&nbsp;&nbsp;&nbsp;&nbsp;&nbsp;&nbsp;&nbsp;&nbsp;&nbsp;&nbsp;&nbsp;&nbsp;&nbsp;&nbsp;&nbsp;&nbsp;&nbsp;&nbsp;&nbsp;&nbsp;&nbsp;&nbsp;&nbsp;&nbsp;&nbsp;&nbsp;&nbsp;&nbsp;&nbsp;&nbsp;&nbsp;&nbsp;&nbsp;&nbsp;&nbsp;&nbsp;&nbsp;&nbsp;&nbsp;&nbsp;&nbsp;&nbsp;&nbsp; ACTING DIRECTOR<\/strong><\/p>\n\n\n\n<p class=\"has-text-align-right\">&nbsp;&nbsp;&nbsp;&nbsp;&nbsp;&nbsp;&nbsp;&nbsp;&nbsp;&nbsp;&nbsp;&nbsp;&nbsp;&nbsp;&nbsp; &nbsp;&nbsp;&nbsp;&nbsp;&nbsp;&nbsp;&nbsp;&nbsp;&nbsp;&nbsp;&nbsp;&nbsp;&nbsp;&nbsp;&nbsp;&nbsp;&nbsp;&nbsp;&nbsp;&nbsp;&nbsp;&nbsp;&nbsp;&nbsp;&nbsp;&nbsp;&nbsp;&nbsp;&nbsp;&nbsp;&nbsp;&nbsp;&nbsp;&nbsp;&nbsp;&nbsp;&nbsp;&nbsp;&nbsp;&nbsp;&nbsp;&nbsp;&nbsp;&nbsp;&nbsp;&nbsp;&nbsp;&nbsp;&nbsp;&nbsp;&nbsp;&nbsp;&nbsp;&nbsp;&nbsp;&nbsp;&nbsp;&nbsp;&nbsp;&nbsp;&nbsp;&nbsp;&nbsp;&nbsp;&nbsp;&nbsp;&nbsp;&nbsp;&nbsp;&nbsp;&nbsp;&nbsp;&nbsp;&nbsp;&nbsp;&nbsp;&nbsp;&nbsp;&nbsp;&nbsp;&nbsp;&nbsp;&nbsp;&nbsp;&nbsp;&nbsp;&nbsp;&nbsp;&nbsp;&nbsp;&nbsp;&nbsp;&nbsp;&nbsp;&nbsp;&nbsp;&nbsp;Nermina Ba\u0161i\u0107-\u0160krijelj<\/p>\n\n\n\n<div class=\"wp-block-file\"><a id=\"wp-block-file--media-aec88539-246a-4c02-81c0-48218ff2314a\" href=\"https:\/\/www.rozaje.me\/wp-content\/uploads\/2026\/03\/program03122026.pdf\">program03122026<\/a><\/div>\n\n\n\n<div class=\"wp-block-file\"><a id=\"wp-block-file--media-d44f1f65-aedb-49d3-a41f-ff1855c86b88\" href=\"https:\/\/www.rozaje.me\/wp-content\/uploads\/2026\/03\/Nacrt-Programa-2026_za-javnu-raspravu-1.pdf\">Nacrt Programa 2026_za javnu raspravu<\/a><\/div>","protected":false},"excerpt":{"rendered":"<p>Na osnovu \u010dl.167 i \u010dl.168 Zakona o lokalnoj samoupravi ( \u201eSl.list CG\u201c br.02\/18, 34\/19,&nbsp; 38\/20, 50\/22 i 84\/22), i \u010dl. 138 i \u010dl.139 Statuta op\u0161tine&#46;&#46;&#46;<\/p>","protected":false},"author":15,"featured_media":32148,"comment_status":"closed","ping_status":"closed","sticky":false,"template":"","format":"standard","meta":{"_monsterinsights_skip_tracking":false,"_monsterinsights_sitenote_active":false,"_monsterinsights_sitenote_note":"","_monsterinsights_sitenote_category":0,"footnotes":""},"categories":[82,6],"tags":[],"class_list":["post-33924","post","type-post","status-publish","format-standard","has-post-thumbnail","hentry","category-javni-poziv","category-vijesti"],"yoast_head":"<!-- This site is optimized with the Yoast SEO plugin v27.2 - https:\/\/yoast.com\/product\/yoast-seo-wordpress\/ -->\n<title>Javni poziv gra\u0111anima, predstavnicima mjesnih zajednica, nevladinim i drugim organizacijama, lokalnim i dr\u017eavnim institucijama, stru\u010dnoj javnosti i svim zainteresovanim licima da se uklju\u010de u javnu raspravu i daju svoj doprinos razmatranju Nacrta programa investicionih aktivnosti op\u0161tine Ro\u017eaje za 2026. godinu. - Op\u0161tina Ro\u017eaje<\/title>\n<meta name=\"robots\" content=\"noindex, follow\" \/>\n<meta property=\"og:locale\" content=\"en_GB\" \/>\n<meta property=\"og:type\" content=\"article\" \/>\n<meta property=\"og:title\" content=\"Javni poziv gra\u0111anima, predstavnicima mjesnih zajednica, nevladinim i drugim organizacijama, lokalnim i dr\u017eavnim institucijama, stru\u010dnoj javnosti i svim zainteresovanim licima da se uklju\u010de u javnu raspravu i daju svoj doprinos razmatranju Nacrta programa investicionih aktivnosti op\u0161tine Ro\u017eaje za 2026. godinu. - Op\u0161tina Ro\u017eaje\" \/>\n<meta property=\"og:description\" content=\"Na osnovu \u010dl.167 i \u010dl.168 Zakona o lokalnoj samoupravi ( \u201eSl.list CG\u201c br.02\/18, 34\/19,&nbsp; 38\/20, 50\/22 i 84\/22), i \u010dl. 138 i \u010dl.139 Statuta op\u0161tine&#046;&#046;&#046;\" \/>\n<meta property=\"og:url\" content=\"https:\/\/www.rozaje.me\/en\/javni-poziv-gradjanima-predstavnicima-mjesnih-zajednica-nevladinim-i-drugim-organizacijama-lokalnim-i-drzavnim-institucijama-strucnoj-javnosti-i-svim-zainteresovanim-licima-da-se-ukljuce-u-javnu-r\/\" \/>\n<meta property=\"og:site_name\" content=\"Op\u0161tina Ro\u017eaje\" \/>\n<meta property=\"article:publisher\" content=\"https:\/\/www.facebook.com\/OpstinaRozajeOfficial\/\" \/>\n<meta property=\"article:published_time\" content=\"2026-03-13T09:58:38+00:00\" \/>\n<meta property=\"article:modified_time\" content=\"2026-03-13T09:58:40+00:00\" \/>\n<meta property=\"og:image\" content=\"https:\/\/www.rozaje.me\/wp-content\/uploads\/2025\/02\/concept-different-office-accessories-paper-with-clip.jpg\" \/>\n\t<meta property=\"og:image:width\" content=\"980\" \/>\n\t<meta property=\"og:image:height\" content=\"485\" \/>\n\t<meta property=\"og:image:type\" content=\"image\/jpeg\" \/>\n<meta name=\"author\" content=\"Hamza Beciragic\" \/>\n<meta name=\"twitter:card\" content=\"summary_large_image\" \/>\n<meta name=\"twitter:label1\" content=\"Written by\" \/>\n\t<meta name=\"twitter:data1\" content=\"Hamza Beciragic\" \/>\n\t<meta name=\"twitter:label2\" content=\"Estimated reading time\" \/>\n\t<meta name=\"twitter:data2\" content=\"2 minutes\" \/>\n<script type=\"application\/ld+json\" class=\"yoast-schema-graph\">{\"@context\":\"https:\/\/schema.org\",\"@graph\":[{\"@type\":\"Article\",\"@id\":\"https:\/\/www.rozaje.me\/javni-poziv-gradjanima-predstavnicima-mjesnih-zajednica-nevladinim-i-drugim-organizacijama-lokalnim-i-drzavnim-institucijama-strucnoj-javnosti-i-svim-zainteresovanim-licima-da-se-ukljuce-u-javnu-r\/#article\",\"isPartOf\":{\"@id\":\"https:\/\/www.rozaje.me\/javni-poziv-gradjanima-predstavnicima-mjesnih-zajednica-nevladinim-i-drugim-organizacijama-lokalnim-i-drzavnim-institucijama-strucnoj-javnosti-i-svim-zainteresovanim-licima-da-se-ukljuce-u-javnu-r\/\"},\"author\":{\"name\":\"Hamza Beciragic\",\"@id\":\"https:\/\/www.rozaje.me\/#\/schema\/person\/f1a2f3ca00c6de246fe16745ca845a02\"},\"headline\":\"Javni poziv gra\u0111anima, predstavnicima mjesnih zajednica, nevladinim i drugim organizacijama, lokalnim i dr\u017eavnim institucijama, stru\u010dnoj javnosti i svim zainteresovanim licima da se uklju\u010de u javnu raspravu i daju svoj doprinos razmatranju Nacrta programa investicionih aktivnosti op\u0161tine Ro\u017eaje za 2026. godinu.\",\"datePublished\":\"2026-03-13T09:58:38+00:00\",\"dateModified\":\"2026-03-13T09:58:40+00:00\",\"mainEntityOfPage\":{\"@id\":\"https:\/\/www.rozaje.me\/javni-poziv-gradjanima-predstavnicima-mjesnih-zajednica-nevladinim-i-drugim-organizacijama-lokalnim-i-drzavnim-institucijama-strucnoj-javnosti-i-svim-zainteresovanim-licima-da-se-ukljuce-u-javnu-r\/\"},\"wordCount\":554,\"publisher\":{\"@id\":\"https:\/\/www.rozaje.me\/#organization\"},\"image\":{\"@id\":\"https:\/\/www.rozaje.me\/javni-poziv-gradjanima-predstavnicima-mjesnih-zajednica-nevladinim-i-drugim-organizacijama-lokalnim-i-drzavnim-institucijama-strucnoj-javnosti-i-svim-zainteresovanim-licima-da-se-ukljuce-u-javnu-r\/#primaryimage\"},\"thumbnailUrl\":\"https:\/\/www.rozaje.me\/wp-content\/uploads\/2025\/02\/concept-different-office-accessories-paper-with-clip.jpg\",\"articleSection\":[\"Javni poziv\",\"Vijesti\"],\"inLanguage\":\"en-GB\"},{\"@type\":\"WebPage\",\"@id\":\"https:\/\/www.rozaje.me\/javni-poziv-gradjanima-predstavnicima-mjesnih-zajednica-nevladinim-i-drugim-organizacijama-lokalnim-i-drzavnim-institucijama-strucnoj-javnosti-i-svim-zainteresovanim-licima-da-se-ukljuce-u-javnu-r\/\",\"url\":\"https:\/\/www.rozaje.me\/javni-poziv-gradjanima-predstavnicima-mjesnih-zajednica-nevladinim-i-drugim-organizacijama-lokalnim-i-drzavnim-institucijama-strucnoj-javnosti-i-svim-zainteresovanim-licima-da-se-ukljuce-u-javnu-r\/\",\"name\":\"Javni poziv gra\u0111anima, predstavnicima mjesnih zajednica, nevladinim i drugim organizacijama, lokalnim i dr\u017eavnim institucijama, stru\u010dnoj javnosti i svim zainteresovanim licima da se uklju\u010de u javnu raspravu i daju svoj doprinos razmatranju Nacrta programa investicionih aktivnosti op\u0161tine Ro\u017eaje za 2026. godinu. - Op\u0161tina Ro\u017eaje\",\"isPartOf\":{\"@id\":\"https:\/\/www.rozaje.me\/#website\"},\"primaryImageOfPage\":{\"@id\":\"https:\/\/www.rozaje.me\/javni-poziv-gradjanima-predstavnicima-mjesnih-zajednica-nevladinim-i-drugim-organizacijama-lokalnim-i-drzavnim-institucijama-strucnoj-javnosti-i-svim-zainteresovanim-licima-da-se-ukljuce-u-javnu-r\/#primaryimage\"},\"image\":{\"@id\":\"https:\/\/www.rozaje.me\/javni-poziv-gradjanima-predstavnicima-mjesnih-zajednica-nevladinim-i-drugim-organizacijama-lokalnim-i-drzavnim-institucijama-strucnoj-javnosti-i-svim-zainteresovanim-licima-da-se-ukljuce-u-javnu-r\/#primaryimage\"},\"thumbnailUrl\":\"https:\/\/www.rozaje.me\/wp-content\/uploads\/2025\/02\/concept-different-office-accessories-paper-with-clip.jpg\",\"datePublished\":\"2026-03-13T09:58:38+00:00\",\"dateModified\":\"2026-03-13T09:58:40+00:00\",\"breadcrumb\":{\"@id\":\"https:\/\/www.rozaje.me\/javni-poziv-gradjanima-predstavnicima-mjesnih-zajednica-nevladinim-i-drugim-organizacijama-lokalnim-i-drzavnim-institucijama-strucnoj-javnosti-i-svim-zainteresovanim-licima-da-se-ukljuce-u-javnu-r\/#breadcrumb\"},\"inLanguage\":\"en-GB\",\"potentialAction\":[{\"@type\":\"ReadAction\",\"target\":[\"https:\/\/www.rozaje.me\/javni-poziv-gradjanima-predstavnicima-mjesnih-zajednica-nevladinim-i-drugim-organizacijama-lokalnim-i-drzavnim-institucijama-strucnoj-javnosti-i-svim-zainteresovanim-licima-da-se-ukljuce-u-javnu-r\/\"]}]},{\"@type\":\"ImageObject\",\"inLanguage\":\"en-GB\",\"@id\":\"https:\/\/www.rozaje.me\/javni-poziv-gradjanima-predstavnicima-mjesnih-zajednica-nevladinim-i-drugim-organizacijama-lokalnim-i-drzavnim-institucijama-strucnoj-javnosti-i-svim-zainteresovanim-licima-da-se-ukljuce-u-javnu-r\/#primaryimage\",\"url\":\"https:\/\/www.rozaje.me\/wp-content\/uploads\/2025\/02\/concept-different-office-accessories-paper-with-clip.jpg\",\"contentUrl\":\"https:\/\/www.rozaje.me\/wp-content\/uploads\/2025\/02\/concept-different-office-accessories-paper-with-clip.jpg\",\"width\":980,\"height\":485,\"caption\":\"document\"},{\"@type\":\"BreadcrumbList\",\"@id\":\"https:\/\/www.rozaje.me\/javni-poziv-gradjanima-predstavnicima-mjesnih-zajednica-nevladinim-i-drugim-organizacijama-lokalnim-i-drzavnim-institucijama-strucnoj-javnosti-i-svim-zainteresovanim-licima-da-se-ukljuce-u-javnu-r\/#breadcrumb\",\"itemListElement\":[{\"@type\":\"ListItem\",\"position\":1,\"name\":\"Home\",\"item\":\"https:\/\/www.rozaje.me\/\"},{\"@type\":\"ListItem\",\"position\":2,\"name\":\"Javni poziv gra\u0111anima, predstavnicima mjesnih zajednica, nevladinim i drugim organizacijama, lokalnim i dr\u017eavnim institucijama, stru\u010dnoj javnosti i svim zainteresovanim licima da se uklju\u010de u javnu raspravu i daju svoj doprinos razmatranju Nacrta programa investicionih aktivnosti op\u0161tine Ro\u017eaje za 2026. godinu.\"}]},{\"@type\":\"WebSite\",\"@id\":\"https:\/\/www.rozaje.me\/#website\",\"url\":\"https:\/\/www.rozaje.me\/\",\"name\":\"Op\u0161tina Ro\u017eaje\",\"description\":\"Zvani\u010dna veb stranica Op\u0161tine Ro\u017eaje\",\"publisher\":{\"@id\":\"https:\/\/www.rozaje.me\/#organization\"},\"alternateName\":\"Opstina Rozaje\",\"potentialAction\":[{\"@type\":\"SearchAction\",\"target\":{\"@type\":\"EntryPoint\",\"urlTemplate\":\"https:\/\/www.rozaje.me\/?s={search_term_string}\"},\"query-input\":{\"@type\":\"PropertyValueSpecification\",\"valueRequired\":true,\"valueName\":\"search_term_string\"}}],\"inLanguage\":\"en-GB\"},{\"@type\":\"Organization\",\"@id\":\"https:\/\/www.rozaje.me\/#organization\",\"name\":\"Opstina Rozaje\",\"url\":\"https:\/\/www.rozaje.me\/\",\"logo\":{\"@type\":\"ImageObject\",\"inLanguage\":\"en-GB\",\"@id\":\"https:\/\/www.rozaje.me\/#\/schema\/logo\/image\/\",\"url\":\"https:\/\/www.rozaje.me\/wp-content\/uploads\/2022\/08\/logo-textless.svg\",\"contentUrl\":\"https:\/\/www.rozaje.me\/wp-content\/uploads\/2022\/08\/logo-textless.svg\",\"width\":108.00360000000000582076609134674072265625,\"height\":131.15059999999999718056642450392246246337890625,\"caption\":\"Opstina Rozaje\"},\"image\":{\"@id\":\"https:\/\/www.rozaje.me\/#\/schema\/logo\/image\/\"},\"sameAs\":[\"https:\/\/www.facebook.com\/OpstinaRozajeOfficial\/\",\"https:\/\/www.youtube.com\/channel\/UCepcislHIwc6KRZTLa6FIlg\"]},{\"@type\":\"Person\",\"@id\":\"https:\/\/www.rozaje.me\/#\/schema\/person\/f1a2f3ca00c6de246fe16745ca845a02\",\"name\":\"Hamza Beciragic\",\"image\":{\"@type\":\"ImageObject\",\"inLanguage\":\"en-GB\",\"@id\":\"https:\/\/secure.gravatar.com\/avatar\/c722a2d0bb43fb0a8c736d842fe7a7329a1d249ff9da607f9b0f3eabbcdd6e6b?s=96&d=mm&r=g\",\"url\":\"https:\/\/secure.gravatar.com\/avatar\/c722a2d0bb43fb0a8c736d842fe7a7329a1d249ff9da607f9b0f3eabbcdd6e6b?s=96&d=mm&r=g\",\"contentUrl\":\"https:\/\/secure.gravatar.com\/avatar\/c722a2d0bb43fb0a8c736d842fe7a7329a1d249ff9da607f9b0f3eabbcdd6e6b?s=96&d=mm&r=g\",\"caption\":\"Hamza Beciragic\"},\"sameAs\":[\"http:\/\/rozaje.me\"],\"url\":\"https:\/\/www.rozaje.me\/en\/author\/hamza\/\"}]}<\/script>\n<!-- \/ Yoast SEO plugin. -->","yoast_head_json":{"title":"Javni poziv gra\u0111anima, predstavnicima mjesnih zajednica, nevladinim i drugim organizacijama, lokalnim i dr\u017eavnim institucijama, stru\u010dnoj javnosti i svim zainteresovanim licima da se uklju\u010de u javnu raspravu i daju svoj doprinos razmatranju Nacrta programa investicionih aktivnosti op\u0161tine Ro\u017eaje za 2026. godinu. - Op\u0161tina Ro\u017eaje","robots":{"index":"noindex","follow":"follow"},"og_locale":"en_GB","og_type":"article","og_title":"Javni poziv gra\u0111anima, predstavnicima mjesnih zajednica, nevladinim i drugim organizacijama, lokalnim i dr\u017eavnim institucijama, stru\u010dnoj javnosti i svim zainteresovanim licima da se uklju\u010de u javnu raspravu i daju svoj doprinos razmatranju Nacrta programa investicionih aktivnosti op\u0161tine Ro\u017eaje za 2026. godinu. - Op\u0161tina Ro\u017eaje","og_description":"Na osnovu \u010dl.167 i \u010dl.168 Zakona o lokalnoj samoupravi ( \u201eSl.list CG\u201c br.02\/18, 34\/19,&nbsp; 38\/20, 50\/22 i 84\/22), i \u010dl. 138 i \u010dl.139 Statuta op\u0161tine&#46;&#46;&#46;","og_url":"https:\/\/www.rozaje.me\/en\/javni-poziv-gradjanima-predstavnicima-mjesnih-zajednica-nevladinim-i-drugim-organizacijama-lokalnim-i-drzavnim-institucijama-strucnoj-javnosti-i-svim-zainteresovanim-licima-da-se-ukljuce-u-javnu-r\/","og_site_name":"Op\u0161tina Ro\u017eaje","article_publisher":"https:\/\/www.facebook.com\/OpstinaRozajeOfficial\/","article_published_time":"2026-03-13T09:58:38+00:00","article_modified_time":"2026-03-13T09:58:40+00:00","og_image":[{"width":980,"height":485,"url":"https:\/\/www.rozaje.me\/wp-content\/uploads\/2025\/02\/concept-different-office-accessories-paper-with-clip.jpg","type":"image\/jpeg"}],"author":"Hamza Beciragic","twitter_card":"summary_large_image","twitter_misc":{"Written by":"Hamza Beciragic","Estimated reading time":"2 minutes"},"schema":{"@context":"https:\/\/schema.org","@graph":[{"@type":"Article","@id":"https:\/\/www.rozaje.me\/javni-poziv-gradjanima-predstavnicima-mjesnih-zajednica-nevladinim-i-drugim-organizacijama-lokalnim-i-drzavnim-institucijama-strucnoj-javnosti-i-svim-zainteresovanim-licima-da-se-ukljuce-u-javnu-r\/#article","isPartOf":{"@id":"https:\/\/www.rozaje.me\/javni-poziv-gradjanima-predstavnicima-mjesnih-zajednica-nevladinim-i-drugim-organizacijama-lokalnim-i-drzavnim-institucijama-strucnoj-javnosti-i-svim-zainteresovanim-licima-da-se-ukljuce-u-javnu-r\/"},"author":{"name":"Hamza Beciragic","@id":"https:\/\/www.rozaje.me\/#\/schema\/person\/f1a2f3ca00c6de246fe16745ca845a02"},"headline":"Javni poziv gra\u0111anima, predstavnicima mjesnih zajednica, nevladinim i drugim organizacijama, lokalnim i dr\u017eavnim institucijama, stru\u010dnoj javnosti i svim zainteresovanim licima da se uklju\u010de u javnu raspravu i daju svoj doprinos razmatranju Nacrta programa investicionih aktivnosti op\u0161tine Ro\u017eaje za 2026. godinu.","datePublished":"2026-03-13T09:58:38+00:00","dateModified":"2026-03-13T09:58:40+00:00","mainEntityOfPage":{"@id":"https:\/\/www.rozaje.me\/javni-poziv-gradjanima-predstavnicima-mjesnih-zajednica-nevladinim-i-drugim-organizacijama-lokalnim-i-drzavnim-institucijama-strucnoj-javnosti-i-svim-zainteresovanim-licima-da-se-ukljuce-u-javnu-r\/"},"wordCount":554,"publisher":{"@id":"https:\/\/www.rozaje.me\/#organization"},"image":{"@id":"https:\/\/www.rozaje.me\/javni-poziv-gradjanima-predstavnicima-mjesnih-zajednica-nevladinim-i-drugim-organizacijama-lokalnim-i-drzavnim-institucijama-strucnoj-javnosti-i-svim-zainteresovanim-licima-da-se-ukljuce-u-javnu-r\/#primaryimage"},"thumbnailUrl":"https:\/\/www.rozaje.me\/wp-content\/uploads\/2025\/02\/concept-different-office-accessories-paper-with-clip.jpg","articleSection":["Javni poziv","Vijesti"],"inLanguage":"en-GB"},{"@type":"WebPage","@id":"https:\/\/www.rozaje.me\/javni-poziv-gradjanima-predstavnicima-mjesnih-zajednica-nevladinim-i-drugim-organizacijama-lokalnim-i-drzavnim-institucijama-strucnoj-javnosti-i-svim-zainteresovanim-licima-da-se-ukljuce-u-javnu-r\/","url":"https:\/\/www.rozaje.me\/javni-poziv-gradjanima-predstavnicima-mjesnih-zajednica-nevladinim-i-drugim-organizacijama-lokalnim-i-drzavnim-institucijama-strucnoj-javnosti-i-svim-zainteresovanim-licima-da-se-ukljuce-u-javnu-r\/","name":"Javni poziv gra\u0111anima, predstavnicima mjesnih zajednica, nevladinim i drugim organizacijama, lokalnim i dr\u017eavnim institucijama, stru\u010dnoj javnosti i svim zainteresovanim licima da se uklju\u010de u javnu raspravu i daju svoj doprinos razmatranju Nacrta programa investicionih aktivnosti op\u0161tine Ro\u017eaje za 2026. godinu. - Op\u0161tina Ro\u017eaje","isPartOf":{"@id":"https:\/\/www.rozaje.me\/#website"},"primaryImageOfPage":{"@id":"https:\/\/www.rozaje.me\/javni-poziv-gradjanima-predstavnicima-mjesnih-zajednica-nevladinim-i-drugim-organizacijama-lokalnim-i-drzavnim-institucijama-strucnoj-javnosti-i-svim-zainteresovanim-licima-da-se-ukljuce-u-javnu-r\/#primaryimage"},"image":{"@id":"https:\/\/www.rozaje.me\/javni-poziv-gradjanima-predstavnicima-mjesnih-zajednica-nevladinim-i-drugim-organizacijama-lokalnim-i-drzavnim-institucijama-strucnoj-javnosti-i-svim-zainteresovanim-licima-da-se-ukljuce-u-javnu-r\/#primaryimage"},"thumbnailUrl":"https:\/\/www.rozaje.me\/wp-content\/uploads\/2025\/02\/concept-different-office-accessories-paper-with-clip.jpg","datePublished":"2026-03-13T09:58:38+00:00","dateModified":"2026-03-13T09:58:40+00:00","breadcrumb":{"@id":"https:\/\/www.rozaje.me\/javni-poziv-gradjanima-predstavnicima-mjesnih-zajednica-nevladinim-i-drugim-organizacijama-lokalnim-i-drzavnim-institucijama-strucnoj-javnosti-i-svim-zainteresovanim-licima-da-se-ukljuce-u-javnu-r\/#breadcrumb"},"inLanguage":"en-GB","potentialAction":[{"@type":"ReadAction","target":["https:\/\/www.rozaje.me\/javni-poziv-gradjanima-predstavnicima-mjesnih-zajednica-nevladinim-i-drugim-organizacijama-lokalnim-i-drzavnim-institucijama-strucnoj-javnosti-i-svim-zainteresovanim-licima-da-se-ukljuce-u-javnu-r\/"]}]},{"@type":"ImageObject","inLanguage":"en-GB","@id":"https:\/\/www.rozaje.me\/javni-poziv-gradjanima-predstavnicima-mjesnih-zajednica-nevladinim-i-drugim-organizacijama-lokalnim-i-drzavnim-institucijama-strucnoj-javnosti-i-svim-zainteresovanim-licima-da-se-ukljuce-u-javnu-r\/#primaryimage","url":"https:\/\/www.rozaje.me\/wp-content\/uploads\/2025\/02\/concept-different-office-accessories-paper-with-clip.jpg","contentUrl":"https:\/\/www.rozaje.me\/wp-content\/uploads\/2025\/02\/concept-different-office-accessories-paper-with-clip.jpg","width":980,"height":485,"caption":"document"},{"@type":"BreadcrumbList","@id":"https:\/\/www.rozaje.me\/javni-poziv-gradjanima-predstavnicima-mjesnih-zajednica-nevladinim-i-drugim-organizacijama-lokalnim-i-drzavnim-institucijama-strucnoj-javnosti-i-svim-zainteresovanim-licima-da-se-ukljuce-u-javnu-r\/#breadcrumb","itemListElement":[{"@type":"ListItem","position":1,"name":"Home","item":"https:\/\/www.rozaje.me\/"},{"@type":"ListItem","position":2,"name":"Javni poziv gra\u0111anima, predstavnicima mjesnih zajednica, nevladinim i drugim organizacijama, lokalnim i dr\u017eavnim institucijama, stru\u010dnoj javnosti i svim zainteresovanim licima da se uklju\u010de u javnu raspravu i daju svoj doprinos razmatranju Nacrta programa investicionih aktivnosti op\u0161tine Ro\u017eaje za 2026. godinu."}]},{"@type":"WebSite","@id":"https:\/\/www.rozaje.me\/#website","url":"https:\/\/www.rozaje.me\/","name":"Municipality of Ro\u017eaje","description":"The official website of the Municipality of Ro\u017eaje","publisher":{"@id":"https:\/\/www.rozaje.me\/#organization"},"alternateName":"Opstina Rozaje","potentialAction":[{"@type":"SearchAction","target":{"@type":"EntryPoint","urlTemplate":"https:\/\/www.rozaje.me\/?s={search_term_string}"},"query-input":{"@type":"PropertyValueSpecification","valueRequired":true,"valueName":"search_term_string"}}],"inLanguage":"en-GB"},{"@type":"Organization","@id":"https:\/\/www.rozaje.me\/#organization","name":"Opstina Rozaje","url":"https:\/\/www.rozaje.me\/","logo":{"@type":"ImageObject","inLanguage":"en-GB","@id":"https:\/\/www.rozaje.me\/#\/schema\/logo\/image\/","url":"https:\/\/www.rozaje.me\/wp-content\/uploads\/2022\/08\/logo-textless.svg","contentUrl":"https:\/\/www.rozaje.me\/wp-content\/uploads\/2022\/08\/logo-textless.svg","width":108.00360000000000582076609134674072265625,"height":131.15059999999999718056642450392246246337890625,"caption":"Opstina Rozaje"},"image":{"@id":"https:\/\/www.rozaje.me\/#\/schema\/logo\/image\/"},"sameAs":["https:\/\/www.facebook.com\/OpstinaRozajeOfficial\/","https:\/\/www.youtube.com\/channel\/UCepcislHIwc6KRZTLa6FIlg"]},{"@type":"Person","@id":"https:\/\/www.rozaje.me\/#\/schema\/person\/f1a2f3ca00c6de246fe16745ca845a02","name":"Hamza Beciragic","image":{"@type":"ImageObject","inLanguage":"en-GB","@id":"https:\/\/secure.gravatar.com\/avatar\/c722a2d0bb43fb0a8c736d842fe7a7329a1d249ff9da607f9b0f3eabbcdd6e6b?s=96&d=mm&r=g","url":"https:\/\/secure.gravatar.com\/avatar\/c722a2d0bb43fb0a8c736d842fe7a7329a1d249ff9da607f9b0f3eabbcdd6e6b?s=96&d=mm&r=g","contentUrl":"https:\/\/secure.gravatar.com\/avatar\/c722a2d0bb43fb0a8c736d842fe7a7329a1d249ff9da607f9b0f3eabbcdd6e6b?s=96&d=mm&r=g","caption":"Hamza Beciragic"},"sameAs":["http:\/\/rozaje.me"],"url":"https:\/\/www.rozaje.me\/en\/author\/hamza\/"}]}},"_links":{"self":[{"href":"https:\/\/www.rozaje.me\/en\/wp-json\/wp\/v2\/posts\/33924","targetHints":{"allow":["GET"]}}],"collection":[{"href":"https:\/\/www.rozaje.me\/en\/wp-json\/wp\/v2\/posts"}],"about":[{"href":"https:\/\/www.rozaje.me\/en\/wp-json\/wp\/v2\/types\/post"}],"author":[{"embeddable":true,"href":"https:\/\/www.rozaje.me\/en\/wp-json\/wp\/v2\/users\/15"}],"replies":[{"embeddable":true,"href":"https:\/\/www.rozaje.me\/en\/wp-json\/wp\/v2\/comments?post=33924"}],"version-history":[{"count":1,"href":"https:\/\/www.rozaje.me\/en\/wp-json\/wp\/v2\/posts\/33924\/revisions"}],"predecessor-version":[{"id":33928,"href":"https:\/\/www.rozaje.me\/en\/wp-json\/wp\/v2\/posts\/33924\/revisions\/33928"}],"wp:featuredmedia":[{"embeddable":true,"href":"https:\/\/www.rozaje.me\/en\/wp-json\/wp\/v2\/media\/32148"}],"wp:attachment":[{"href":"https:\/\/www.rozaje.me\/en\/wp-json\/wp\/v2\/media?parent=33924"}],"wp:term":[{"taxonomy":"category","embeddable":true,"href":"https:\/\/www.rozaje.me\/en\/wp-json\/wp\/v2\/categories?post=33924"},{"taxonomy":"post_tag","embeddable":true,"href":"https:\/\/www.rozaje.me\/en\/wp-json\/wp\/v2\/tags?post=33924"}],"curies":[{"name":"wp","href":"https:\/\/api.w.org\/{rel}","templated":true}]}}