{"id":16888,"date":"2017-06-11T21:44:09","date_gmt":"2017-06-11T21:44:09","guid":{"rendered":"http:\/\/www.rozaje.me\/?p=16888"},"modified":"2017-06-11T21:44:09","modified_gmt":"2017-06-11T21:44:09","slug":"predsjednik-opstine-obisao-poplavom-pogodjena-podrucja","status":"publish","type":"post","link":"https:\/\/www.rozaje.me\/en\/predsjednik-opstine-obisao-poplavom-pogodjena-podrucja\/","title":{"rendered":"The president of the municipality visited the areas affected by the flood"},"content":{"rendered":"<div id=\"m_-4062021941041114403yui_3_16_0_1_1497193549722_2885\">The president of the municipality of Ro\u017eaje, Mr. Ejup Nurkovi\u0107, visited today the settlements and local communities where, as a result of yesterday&#039;s heavy rains, great material damage was caused to the infrastructure.<\/div>\n<div id=\"m_-4062021941041114403yui_3_16_0_1_1497193549722_2885\">&nbsp;<\/div>\n<div id=\"m_-4062021941041114403yui_3_16_0_1_1497193549722_2887\">In the conversation with the citizens, he became more familiar with the situation on the ground and said that the local administration services, in coordination with each other, will make maximum efforts to repair the damages and consequences as soon as possible.<\/div>\n<div id=\"m_-4062021941041114403yui_3_16_0_1_1497193549722_2887\">&nbsp;<\/div>\n<div id=\"m_-4062021941041114403yui_3_16_0_1_1497193549722_2888\">In addition to the damaged road infrastructure, some private and business buildings were also flooded because the owners failed to cope with the sudden, intensely heavy rainstorm.<\/div>\n<div id=\"m_-4062021941041114403yui_3_16_0_1_1497193549722_2888\">&nbsp;<\/div>\n<div id=\"m_-4062021941041114403yui_3_16_0_1_1497193549722_2889\">JKP Ro\u017eaje is intensively working on removing sand drifts from public roads and repairing other damages caused by yesterday&#039;s storm.<\/div>\n<div id=\"m_-4062021941041114403yui_3_16_0_1_1497193549722_2889\">&nbsp;<\/div>\n<div id=\"m_-4062021941041114403yui_3_16_0_1_1497193549722_2891\">The commander of the Ro\u017eaj Protection and Rescue Service, Nuradin Agovi\u0107, said that both services had a total of 10 interventions and that apart from material damage, there were no casualties.<\/div>\n<div style=\"text-align: right;\">Written by: Mirza Luboder<\/div>\n<div>\n\n\t\t<style>\n\t\t\t#gallery-1 {\n\t\t\t\tmargin: auto;\n\t\t\t}\n\t\t\t#gallery-1 .gallery-item {\n\t\t\t\tfloat: left;\n\t\t\t\tmargin-top: 10px;\n\t\t\t\ttext-align: center;\n\t\t\t\twidth: 50%;\n\t\t\t}\n\t\t\t#gallery-1 img {\n\t\t\t\tborder: 2px solid #cfcfcf;\n\t\t\t}\n\t\t\t#gallery-1 .gallery-caption {\n\t\t\t\tmargin-left: 0;\n\t\t\t}\n\t\t\t\/* see gallery_shortcode() in wp-includes\/media.php *\/\n\t\t<\/style>\n\t\t<div id='gallery-1' class='gallery galleryid-16888 gallery-columns-2 gallery-size-thumbnail'><dl class='gallery-item'>\n\t\t\t<dt class='gallery-icon landscape'>\n\t\t\t\t<a href='https:\/\/www.rozaje.me\/en\/predsjednik-opstine-obisao-poplavom-pogodjena-podrucja\/2-6\/'><img loading=\"lazy\" decoding=\"async\" width=\"128\" height=\"78\" src=\"https:\/\/www.rozaje.me\/wp-content\/uploads\/2017\/06\/2-460x280.jpg\" class=\"attachment-thumbnail size-thumbnail no-lazy\" alt=\"\" \/><\/a>\n\t\t\t<\/dt><\/dl><dl class='gallery-item'>\n\t\t\t<dt class='gallery-icon landscape'>\n\t\t\t\t<a href='https:\/\/www.rozaje.me\/en\/predsjednik-opstine-obisao-poplavom-pogodjena-podrucja\/3-8\/'><img loading=\"lazy\" decoding=\"async\" width=\"128\" height=\"78\" src=\"https:\/\/www.rozaje.me\/wp-content\/uploads\/2017\/06\/3-460x280.jpg\" class=\"attachment-thumbnail size-thumbnail no-lazy\" alt=\"\" \/><\/a>\n\t\t\t<\/dt><\/dl><br style=\"clear: both\" \/><dl class='gallery-item'>\n\t\t\t<dt class='gallery-icon landscape'>\n\t\t\t\t<a href='https:\/\/www.rozaje.me\/en\/predsjednik-opstine-obisao-poplavom-pogodjena-podrucja\/4-12\/'><img loading=\"lazy\" decoding=\"async\" width=\"128\" height=\"78\" src=\"https:\/\/www.rozaje.me\/wp-content\/uploads\/2017\/06\/4-460x280.jpg\" class=\"attachment-thumbnail size-thumbnail no-lazy\" alt=\"\" \/><\/a>\n\t\t\t<\/dt><\/dl><dl class='gallery-item'>\n\t\t\t<dt class='gallery-icon landscape'>\n\t\t\t\t<a href='https:\/\/www.rozaje.me\/en\/predsjednik-opstine-obisao-poplavom-pogodjena-podrucja\/5-3\/'><img loading=\"lazy\" decoding=\"async\" width=\"128\" height=\"78\" src=\"https:\/\/www.rozaje.me\/wp-content\/uploads\/2017\/06\/5-460x280.jpg\" class=\"attachment-thumbnail size-thumbnail no-lazy\" alt=\"\" \/><\/a>\n\t\t\t<\/dt><\/dl><br style=\"clear: both\" \/><dl class='gallery-item'>\n\t\t\t<dt class='gallery-icon landscape'>\n\t\t\t\t<a href='https:\/\/www.rozaje.me\/en\/predsjednik-opstine-obisao-poplavom-pogodjena-podrucja\/7-3\/'><img loading=\"lazy\" decoding=\"async\" width=\"128\" height=\"78\" src=\"https:\/\/www.rozaje.me\/wp-content\/uploads\/2017\/06\/7-460x280.jpg\" class=\"attachment-thumbnail size-thumbnail no-lazy\" alt=\"\" \/><\/a>\n\t\t\t<\/dt><\/dl><dl class='gallery-item'>\n\t\t\t<dt class='gallery-icon portrait'>\n\t\t\t\t<a href='https:\/\/www.rozaje.me\/en\/predsjednik-opstine-obisao-poplavom-pogodjena-podrucja\/9-7\/'><img loading=\"lazy\" decoding=\"async\" width=\"128\" height=\"78\" src=\"https:\/\/www.rozaje.me\/wp-content\/uploads\/2017\/06\/9-460x280.jpg\" class=\"attachment-thumbnail size-thumbnail no-lazy\" alt=\"\" srcset=\"https:\/\/www.rozaje.me\/wp-content\/uploads\/2017\/06\/9-460x280.jpg 460w, https:\/\/www.rozaje.me\/wp-content\/uploads\/2017\/06\/9-720x445.jpg 720w\" sizes=\"auto, (max-width: 128px) 100vw, 128px\" \/><\/a>\n\t\t\t<\/dt><\/dl><br style=\"clear: both\" \/>\n\t\t<\/div>\n\n<\/div>","protected":false},"excerpt":{"rendered":"<p>Predsjednik op\u0161tine Ro\u017eaje gospodin Ejup Nurkovi\u0107, obilazio je danas naselja i mjesne zajednice gdje je usljed ju\u010dera\u0161njih obilnih ki\u0161nih padavina nastala velika materijalna \u0161teta na&#46;&#46;&#46;<\/p>","protected":false},"author":11,"featured_media":16891,"comment_status":"open","ping_status":"open","sticky":false,"template":"","format":"standard","meta":{"_monsterinsights_skip_tracking":false,"_monsterinsights_sitenote_active":false,"_monsterinsights_sitenote_note":"","_monsterinsights_sitenote_category":0,"footnotes":""},"categories":[6],"tags":[],"class_list":["post-16888","post","type-post","status-publish","format-standard","has-post-thumbnail","hentry","category-vijesti"],"yoast_head":"<!-- This site is optimized with the Yoast SEO plugin v27.2 - https:\/\/yoast.com\/product\/yoast-seo-wordpress\/ -->\n<title>Predsjednik op\u0161tine obi\u0161ao poplavom pogo\u0111ena podru\u010dja - Op\u0161tina Ro\u017eaje<\/title>\n<meta name=\"robots\" content=\"noindex, follow\" \/>\n<meta property=\"og:locale\" content=\"en_GB\" \/>\n<meta property=\"og:type\" content=\"article\" \/>\n<meta property=\"og:title\" content=\"Predsjednik op\u0161tine obi\u0161ao poplavom pogo\u0111ena podru\u010dja - Op\u0161tina Ro\u017eaje\" \/>\n<meta property=\"og:description\" content=\"Predsjednik op\u0161tine Ro\u017eaje gospodin Ejup Nurkovi\u0107, obilazio je danas naselja i mjesne zajednice gdje je usljed ju\u010dera\u0161njih obilnih ki\u0161nih padavina nastala velika materijalna \u0161teta na&#046;&#046;&#046;\" \/>\n<meta property=\"og:url\" content=\"https:\/\/www.rozaje.me\/en\/predsjednik-opstine-obisao-poplavom-pogodjena-podrucja\/\" \/>\n<meta property=\"og:site_name\" content=\"Op\u0161tina Ro\u017eaje\" \/>\n<meta property=\"article:publisher\" content=\"https:\/\/www.facebook.com\/OpstinaRozajeOfficial\/\" \/>\n<meta property=\"article:published_time\" content=\"2017-06-11T21:44:09+00:00\" \/>\n<meta property=\"og:image\" content=\"https:\/\/www.rozaje.me\/wp-content\/uploads\/2017\/06\/4.jpg\" \/>\n\t<meta property=\"og:image:width\" content=\"640\" \/>\n\t<meta property=\"og:image:height\" content=\"480\" \/>\n\t<meta property=\"og:image:type\" content=\"image\/jpeg\" \/>\n<meta name=\"author\" content=\"Mubera Fetahovi\u0107\" \/>\n<meta name=\"twitter:card\" content=\"summary_large_image\" \/>\n<meta name=\"twitter:label1\" content=\"Written by\" \/>\n\t<meta name=\"twitter:data1\" content=\"Mubera Fetahovi\u0107\" \/>\n\t<meta name=\"twitter:label2\" content=\"Estimated reading time\" \/>\n\t<meta name=\"twitter:data2\" content=\"1 minute\" \/>\n<script type=\"application\/ld+json\" class=\"yoast-schema-graph\">{\"@context\":\"https:\/\/schema.org\",\"@graph\":[{\"@type\":\"Article\",\"@id\":\"https:\/\/www.rozaje.me\/predsjednik-opstine-obisao-poplavom-pogodjena-podrucja\/#article\",\"isPartOf\":{\"@id\":\"https:\/\/www.rozaje.me\/predsjednik-opstine-obisao-poplavom-pogodjena-podrucja\/\"},\"author\":{\"name\":\"Mubera Fetahovi\u0107\",\"@id\":\"https:\/\/www.rozaje.me\/#\/schema\/person\/30d6e170867cf67940d835d2219f59cc\"},\"headline\":\"Predsjednik op\u0161tine obi\u0161ao poplavom pogo\u0111ena podru\u010dja\",\"datePublished\":\"2017-06-11T21:44:09+00:00\",\"mainEntityOfPage\":{\"@id\":\"https:\/\/www.rozaje.me\/predsjednik-opstine-obisao-poplavom-pogodjena-podrucja\/\"},\"wordCount\":198,\"commentCount\":0,\"publisher\":{\"@id\":\"https:\/\/www.rozaje.me\/#organization\"},\"image\":{\"@id\":\"https:\/\/www.rozaje.me\/predsjednik-opstine-obisao-poplavom-pogodjena-podrucja\/#primaryimage\"},\"thumbnailUrl\":\"https:\/\/www.rozaje.me\/wp-content\/uploads\/2017\/06\/4.jpg\",\"articleSection\":[\"Vijesti\"],\"inLanguage\":\"en-GB\",\"potentialAction\":[{\"@type\":\"CommentAction\",\"name\":\"Comment\",\"target\":[\"https:\/\/www.rozaje.me\/predsjednik-opstine-obisao-poplavom-pogodjena-podrucja\/#respond\"]}]},{\"@type\":\"WebPage\",\"@id\":\"https:\/\/www.rozaje.me\/predsjednik-opstine-obisao-poplavom-pogodjena-podrucja\/\",\"url\":\"https:\/\/www.rozaje.me\/predsjednik-opstine-obisao-poplavom-pogodjena-podrucja\/\",\"name\":\"Predsjednik op\u0161tine obi\u0161ao poplavom pogo\u0111ena podru\u010dja - Op\u0161tina Ro\u017eaje\",\"isPartOf\":{\"@id\":\"https:\/\/www.rozaje.me\/#website\"},\"primaryImageOfPage\":{\"@id\":\"https:\/\/www.rozaje.me\/predsjednik-opstine-obisao-poplavom-pogodjena-podrucja\/#primaryimage\"},\"image\":{\"@id\":\"https:\/\/www.rozaje.me\/predsjednik-opstine-obisao-poplavom-pogodjena-podrucja\/#primaryimage\"},\"thumbnailUrl\":\"https:\/\/www.rozaje.me\/wp-content\/uploads\/2017\/06\/4.jpg\",\"datePublished\":\"2017-06-11T21:44:09+00:00\",\"breadcrumb\":{\"@id\":\"https:\/\/www.rozaje.me\/predsjednik-opstine-obisao-poplavom-pogodjena-podrucja\/#breadcrumb\"},\"inLanguage\":\"en-GB\",\"potentialAction\":[{\"@type\":\"ReadAction\",\"target\":[\"https:\/\/www.rozaje.me\/predsjednik-opstine-obisao-poplavom-pogodjena-podrucja\/\"]}]},{\"@type\":\"ImageObject\",\"inLanguage\":\"en-GB\",\"@id\":\"https:\/\/www.rozaje.me\/predsjednik-opstine-obisao-poplavom-pogodjena-podrucja\/#primaryimage\",\"url\":\"https:\/\/www.rozaje.me\/wp-content\/uploads\/2017\/06\/4.jpg\",\"contentUrl\":\"https:\/\/www.rozaje.me\/wp-content\/uploads\/2017\/06\/4.jpg\",\"width\":640,\"height\":480},{\"@type\":\"BreadcrumbList\",\"@id\":\"https:\/\/www.rozaje.me\/predsjednik-opstine-obisao-poplavom-pogodjena-podrucja\/#breadcrumb\",\"itemListElement\":[{\"@type\":\"ListItem\",\"position\":1,\"name\":\"Home\",\"item\":\"https:\/\/www.rozaje.me\/\"},{\"@type\":\"ListItem\",\"position\":2,\"name\":\"Predsjednik op\u0161tine obi\u0161ao poplavom pogo\u0111ena podru\u010dja\"}]},{\"@type\":\"WebSite\",\"@id\":\"https:\/\/www.rozaje.me\/#website\",\"url\":\"https:\/\/www.rozaje.me\/\",\"name\":\"Op\u0161tina Ro\u017eaje\",\"description\":\"Zvani\u010dna veb stranica Op\u0161tine Ro\u017eaje\",\"publisher\":{\"@id\":\"https:\/\/www.rozaje.me\/#organization\"},\"alternateName\":\"Opstina Rozaje\",\"potentialAction\":[{\"@type\":\"SearchAction\",\"target\":{\"@type\":\"EntryPoint\",\"urlTemplate\":\"https:\/\/www.rozaje.me\/?s={search_term_string}\"},\"query-input\":{\"@type\":\"PropertyValueSpecification\",\"valueRequired\":true,\"valueName\":\"search_term_string\"}}],\"inLanguage\":\"en-GB\"},{\"@type\":\"Organization\",\"@id\":\"https:\/\/www.rozaje.me\/#organization\",\"name\":\"Opstina Rozaje\",\"url\":\"https:\/\/www.rozaje.me\/\",\"logo\":{\"@type\":\"ImageObject\",\"inLanguage\":\"en-GB\",\"@id\":\"https:\/\/www.rozaje.me\/#\/schema\/logo\/image\/\",\"url\":\"https:\/\/www.rozaje.me\/wp-content\/uploads\/2022\/08\/logo-textless.svg\",\"contentUrl\":\"https:\/\/www.rozaje.me\/wp-content\/uploads\/2022\/08\/logo-textless.svg\",\"width\":108.00360000000000582076609134674072265625,\"height\":131.15059999999999718056642450392246246337890625,\"caption\":\"Opstina Rozaje\"},\"image\":{\"@id\":\"https:\/\/www.rozaje.me\/#\/schema\/logo\/image\/\"},\"sameAs\":[\"https:\/\/www.facebook.com\/OpstinaRozajeOfficial\/\",\"https:\/\/www.youtube.com\/channel\/UCepcislHIwc6KRZTLa6FIlg\"]},{\"@type\":\"Person\",\"@id\":\"https:\/\/www.rozaje.me\/#\/schema\/person\/30d6e170867cf67940d835d2219f59cc\",\"name\":\"Mubera Fetahovi\u0107\",\"image\":{\"@type\":\"ImageObject\",\"inLanguage\":\"en-GB\",\"@id\":\"https:\/\/secure.gravatar.com\/avatar\/2d1394e187bd3bc8ac53c0e1efd590dac2705267a49e0b05da56d69d2424d5df?s=96&d=mm&r=g\",\"url\":\"https:\/\/secure.gravatar.com\/avatar\/2d1394e187bd3bc8ac53c0e1efd590dac2705267a49e0b05da56d69d2424d5df?s=96&d=mm&r=g\",\"contentUrl\":\"https:\/\/secure.gravatar.com\/avatar\/2d1394e187bd3bc8ac53c0e1efd590dac2705267a49e0b05da56d69d2424d5df?s=96&d=mm&r=g\",\"caption\":\"Mubera Fetahovi\u0107\"},\"url\":\"https:\/\/www.rozaje.me\/en\/author\/mubera\/\"}]}<\/script>\n<!-- \/ Yoast SEO plugin. -->","yoast_head_json":{"title":"Predsjednik op\u0161tine obi\u0161ao poplavom pogo\u0111ena podru\u010dja - Op\u0161tina Ro\u017eaje","robots":{"index":"noindex","follow":"follow"},"og_locale":"en_GB","og_type":"article","og_title":"Predsjednik op\u0161tine obi\u0161ao poplavom pogo\u0111ena podru\u010dja - Op\u0161tina Ro\u017eaje","og_description":"Predsjednik op\u0161tine Ro\u017eaje gospodin Ejup Nurkovi\u0107, obilazio je danas naselja i mjesne zajednice gdje je usljed ju\u010dera\u0161njih obilnih ki\u0161nih padavina nastala velika materijalna \u0161teta na&#46;&#46;&#46;","og_url":"https:\/\/www.rozaje.me\/en\/predsjednik-opstine-obisao-poplavom-pogodjena-podrucja\/","og_site_name":"Op\u0161tina Ro\u017eaje","article_publisher":"https:\/\/www.facebook.com\/OpstinaRozajeOfficial\/","article_published_time":"2017-06-11T21:44:09+00:00","og_image":[{"width":640,"height":480,"url":"https:\/\/www.rozaje.me\/wp-content\/uploads\/2017\/06\/4.jpg","type":"image\/jpeg"}],"author":"Mubera Fetahovi\u0107","twitter_card":"summary_large_image","twitter_misc":{"Written by":"Mubera Fetahovi\u0107","Estimated reading time":"1 minute"},"schema":{"@context":"https:\/\/schema.org","@graph":[{"@type":"Article","@id":"https:\/\/www.rozaje.me\/predsjednik-opstine-obisao-poplavom-pogodjena-podrucja\/#article","isPartOf":{"@id":"https:\/\/www.rozaje.me\/predsjednik-opstine-obisao-poplavom-pogodjena-podrucja\/"},"author":{"name":"Mubera Fetahovi\u0107","@id":"https:\/\/www.rozaje.me\/#\/schema\/person\/30d6e170867cf67940d835d2219f59cc"},"headline":"Predsjednik op\u0161tine obi\u0161ao poplavom pogo\u0111ena podru\u010dja","datePublished":"2017-06-11T21:44:09+00:00","mainEntityOfPage":{"@id":"https:\/\/www.rozaje.me\/predsjednik-opstine-obisao-poplavom-pogodjena-podrucja\/"},"wordCount":198,"commentCount":0,"publisher":{"@id":"https:\/\/www.rozaje.me\/#organization"},"image":{"@id":"https:\/\/www.rozaje.me\/predsjednik-opstine-obisao-poplavom-pogodjena-podrucja\/#primaryimage"},"thumbnailUrl":"https:\/\/www.rozaje.me\/wp-content\/uploads\/2017\/06\/4.jpg","articleSection":["Vijesti"],"inLanguage":"en-GB","potentialAction":[{"@type":"CommentAction","name":"Comment","target":["https:\/\/www.rozaje.me\/predsjednik-opstine-obisao-poplavom-pogodjena-podrucja\/#respond"]}]},{"@type":"WebPage","@id":"https:\/\/www.rozaje.me\/predsjednik-opstine-obisao-poplavom-pogodjena-podrucja\/","url":"https:\/\/www.rozaje.me\/predsjednik-opstine-obisao-poplavom-pogodjena-podrucja\/","name":"Predsjednik op\u0161tine obi\u0161ao poplavom pogo\u0111ena podru\u010dja - Op\u0161tina Ro\u017eaje","isPartOf":{"@id":"https:\/\/www.rozaje.me\/#website"},"primaryImageOfPage":{"@id":"https:\/\/www.rozaje.me\/predsjednik-opstine-obisao-poplavom-pogodjena-podrucja\/#primaryimage"},"image":{"@id":"https:\/\/www.rozaje.me\/predsjednik-opstine-obisao-poplavom-pogodjena-podrucja\/#primaryimage"},"thumbnailUrl":"https:\/\/www.rozaje.me\/wp-content\/uploads\/2017\/06\/4.jpg","datePublished":"2017-06-11T21:44:09+00:00","breadcrumb":{"@id":"https:\/\/www.rozaje.me\/predsjednik-opstine-obisao-poplavom-pogodjena-podrucja\/#breadcrumb"},"inLanguage":"en-GB","potentialAction":[{"@type":"ReadAction","target":["https:\/\/www.rozaje.me\/predsjednik-opstine-obisao-poplavom-pogodjena-podrucja\/"]}]},{"@type":"ImageObject","inLanguage":"en-GB","@id":"https:\/\/www.rozaje.me\/predsjednik-opstine-obisao-poplavom-pogodjena-podrucja\/#primaryimage","url":"https:\/\/www.rozaje.me\/wp-content\/uploads\/2017\/06\/4.jpg","contentUrl":"https:\/\/www.rozaje.me\/wp-content\/uploads\/2017\/06\/4.jpg","width":640,"height":480},{"@type":"BreadcrumbList","@id":"https:\/\/www.rozaje.me\/predsjednik-opstine-obisao-poplavom-pogodjena-podrucja\/#breadcrumb","itemListElement":[{"@type":"ListItem","position":1,"name":"Home","item":"https:\/\/www.rozaje.me\/"},{"@type":"ListItem","position":2,"name":"Predsjednik op\u0161tine obi\u0161ao poplavom pogo\u0111ena podru\u010dja"}]},{"@type":"WebSite","@id":"https:\/\/www.rozaje.me\/#website","url":"https:\/\/www.rozaje.me\/","name":"Municipality of Ro\u017eaje","description":"The official website of the Municipality of Ro\u017eaje","publisher":{"@id":"https:\/\/www.rozaje.me\/#organization"},"alternateName":"Opstina Rozaje","potentialAction":[{"@type":"SearchAction","target":{"@type":"EntryPoint","urlTemplate":"https:\/\/www.rozaje.me\/?s={search_term_string}"},"query-input":{"@type":"PropertyValueSpecification","valueRequired":true,"valueName":"search_term_string"}}],"inLanguage":"en-GB"},{"@type":"Organization","@id":"https:\/\/www.rozaje.me\/#organization","name":"Opstina Rozaje","url":"https:\/\/www.rozaje.me\/","logo":{"@type":"ImageObject","inLanguage":"en-GB","@id":"https:\/\/www.rozaje.me\/#\/schema\/logo\/image\/","url":"https:\/\/www.rozaje.me\/wp-content\/uploads\/2022\/08\/logo-textless.svg","contentUrl":"https:\/\/www.rozaje.me\/wp-content\/uploads\/2022\/08\/logo-textless.svg","width":108.00360000000000582076609134674072265625,"height":131.15059999999999718056642450392246246337890625,"caption":"Opstina Rozaje"},"image":{"@id":"https:\/\/www.rozaje.me\/#\/schema\/logo\/image\/"},"sameAs":["https:\/\/www.facebook.com\/OpstinaRozajeOfficial\/","https:\/\/www.youtube.com\/channel\/UCepcislHIwc6KRZTLa6FIlg"]},{"@type":"Person","@id":"https:\/\/www.rozaje.me\/#\/schema\/person\/30d6e170867cf67940d835d2219f59cc","name":"Mubera Fetahovi\u0107","image":{"@type":"ImageObject","inLanguage":"en-GB","@id":"https:\/\/secure.gravatar.com\/avatar\/2d1394e187bd3bc8ac53c0e1efd590dac2705267a49e0b05da56d69d2424d5df?s=96&d=mm&r=g","url":"https:\/\/secure.gravatar.com\/avatar\/2d1394e187bd3bc8ac53c0e1efd590dac2705267a49e0b05da56d69d2424d5df?s=96&d=mm&r=g","contentUrl":"https:\/\/secure.gravatar.com\/avatar\/2d1394e187bd3bc8ac53c0e1efd590dac2705267a49e0b05da56d69d2424d5df?s=96&d=mm&r=g","caption":"Mubera Fetahovi\u0107"},"url":"https:\/\/www.rozaje.me\/en\/author\/mubera\/"}]}},"_links":{"self":[{"href":"https:\/\/www.rozaje.me\/en\/wp-json\/wp\/v2\/posts\/16888","targetHints":{"allow":["GET"]}}],"collection":[{"href":"https:\/\/www.rozaje.me\/en\/wp-json\/wp\/v2\/posts"}],"about":[{"href":"https:\/\/www.rozaje.me\/en\/wp-json\/wp\/v2\/types\/post"}],"author":[{"embeddable":true,"href":"https:\/\/www.rozaje.me\/en\/wp-json\/wp\/v2\/users\/11"}],"replies":[{"embeddable":true,"href":"https:\/\/www.rozaje.me\/en\/wp-json\/wp\/v2\/comments?post=16888"}],"version-history":[{"count":0,"href":"https:\/\/www.rozaje.me\/en\/wp-json\/wp\/v2\/posts\/16888\/revisions"}],"wp:featuredmedia":[{"embeddable":true,"href":"https:\/\/www.rozaje.me\/en\/wp-json\/wp\/v2\/media\/16891"}],"wp:attachment":[{"href":"https:\/\/www.rozaje.me\/en\/wp-json\/wp\/v2\/media?parent=16888"}],"wp:term":[{"taxonomy":"category","embeddable":true,"href":"https:\/\/www.rozaje.me\/en\/wp-json\/wp\/v2\/categories?post=16888"},{"taxonomy":"post_tag","embeddable":true,"href":"https:\/\/www.rozaje.me\/en\/wp-json\/wp\/v2\/tags?post=16888"}],"curies":[{"name":"wp","href":"https:\/\/api.w.org\/{rel}","templated":true}]}}