{"id":13357,"date":"2015-05-07T17:06:48","date_gmt":"2015-05-07T17:06:48","guid":{"rendered":"http:\/\/www.rozaje.me\/?p=13357"},"modified":"2015-05-07T17:18:12","modified_gmt":"2015-05-07T17:18:12","slug":"predsjednica-vrhovnog-suda-u-radnoj-posjeti-opstini-rozaje","status":"publish","type":"post","link":"https:\/\/www.rozaje.me\/en\/predsjednica-vrhovnog-suda-u-radnoj-posjeti-opstini-rozaje\/","title":{"rendered":"President of the Supreme Court on a working visit to the Municipality of Ro\u017eaje"},"content":{"rendered":"<p>&nbsp;<\/p>\n<p style=\"text-align: justify;\"><strong>The President of the Municipality of Ro\u017eaje, Ejup Nurkovi\u0107, today received in his office the President of the Supreme Court of Montenegro, Mrs. Vesna Medenica, the President of the High Court in Bijelo Polje, Mr.\u00a0<em>Tofila \u017dujovi\u0107<\/em>\u00a0and the President of the Basic Court in Ro\u017eaje, Mr\u00a0<em>Zahid Cami\u0107<\/em>.<\/strong><\/p>\n<p style=\"text-align: justify;\">On that occasion, Ms. Medenica pointed out that due to the importance of the judiciary for the Euro-Atlantic integration processes of Montenegro and the rule of law, as the president of the Supreme Court, she considers it useful that there is good cooperation between the basic courts and the municipalities for whose territory these courts have local jurisdiction.<\/p>\n<p style=\"text-align: justify;\">In the conversation, they discussed the challenges that lie ahead in the coming period, as well as the mechanisms for improving mutual cooperation.<\/p>\n<p style=\"text-align: justify;\">&quot;I appreciate that it is in the interest of Montenegro, all municipalities, including the municipality of Ro\u017eaje, for the survival of locally competent courts. This greatly reduces the costs of citizens and affects the speed of the implementation of court processes. The existence of the Basic Court in Ro\u017eaje is a very important issue for us and we will insist on it. I expect that the state will listen to the needs of citizens, including local communities. The role of good relations between all institutions is indisputable, and we will strive to be a good link between state and local organizations. I believe that we will overcome all challenges together, that we will show readiness for Euro-Atlantic integration and meet their expectations. We must work together to improve the capacities of the courts and their modernization,&quot; said the president of the municipality of Ro\u017eaje, Ejup Nurkovi\u0107, at the working meeting.<\/p>\n<p style=\"text-align: justify;\">\n<p style=\"text-align: right;\">Mirela Avdic<\/p>\n\n\t\t<style>\n\t\t\t#gallery-1 {\n\t\t\t\tmargin: auto;\n\t\t\t}\n\t\t\t#gallery-1 .gallery-item {\n\t\t\t\tfloat: left;\n\t\t\t\tmargin-top: 10px;\n\t\t\t\ttext-align: center;\n\t\t\t\twidth: 100%;\n\t\t\t}\n\t\t\t#gallery-1 img {\n\t\t\t\tborder: 2px solid #cfcfcf;\n\t\t\t}\n\t\t\t#gallery-1 .gallery-caption {\n\t\t\t\tmargin-left: 0;\n\t\t\t}\n\t\t\t\/* see gallery_shortcode() in wp-includes\/media.php *\/\n\t\t<\/style>\n\t\t<div id='gallery-1' class='gallery galleryid-13357 gallery-columns-1 gallery-size-full'><dl class='gallery-item'>\n\t\t\t<dt class='gallery-icon landscape'>\n\t\t\t\t<a href='https:\/\/www.rozaje.me\/en\/predsjednica-vrhovnog-suda-u-radnoj-posjeti-opstini-rozaje\/unnamed-1-13\/'><img loading=\"lazy\" decoding=\"async\" width=\"847\" height=\"557\" src=\"https:\/\/www.rozaje.me\/wp-content\/uploads\/2015\/05\/unnamed-11.jpg\" class=\"attachment-full size-full no-lazy\" alt=\"\" \/><\/a>\n\t\t\t<\/dt><\/dl><br style=\"clear: both\" \/><dl class='gallery-item'>\n\t\t\t<dt class='gallery-icon landscape'>\n\t\t\t\t<a href='https:\/\/www.rozaje.me\/en\/predsjednica-vrhovnog-suda-u-radnoj-posjeti-opstini-rozaje\/unnamed-2-9\/'><img loading=\"lazy\" decoding=\"async\" width=\"803\" height=\"557\" src=\"https:\/\/www.rozaje.me\/wp-content\/uploads\/2015\/05\/unnamed-2.jpg\" class=\"attachment-full size-full no-lazy\" alt=\"\" \/><\/a>\n\t\t\t<\/dt><\/dl><br style=\"clear: both\" \/>\n\t\t<\/div>","protected":false},"excerpt":{"rendered":"<p>&nbsp; The President of the Municipality of Ro\u017eaje, Ejup Nurkovi\u0107, today received the President of the Supreme Court of Montenegro, Mrs. Vesna Medenica, the President of the High Court in Bijelo Polje, Mr. Tofil...<\/p>","protected":false},"author":11,"featured_media":13358,"comment_status":"open","ping_status":"open","sticky":false,"template":"","format":"standard","meta":{"_monsterinsights_skip_tracking":false,"_monsterinsights_sitenote_active":false,"_monsterinsights_sitenote_note":"","_monsterinsights_sitenote_category":0,"footnotes":""},"categories":[63,6],"tags":[],"class_list":["post-13357","post","type-post","status-publish","format-standard","has-post-thumbnail","hentry","category-prijemi-i-posjete","category-vijesti"],"yoast_head":"<!-- This site is optimized with the Yoast SEO plugin v27.2 - https:\/\/yoast.com\/product\/yoast-seo-wordpress\/ -->\n<title>Predsjednica Vrhovnog suda u radnoj posjeti Op\u0161tini Ro\u017eaje - Op\u0161tina Ro\u017eaje<\/title>\n<meta name=\"robots\" content=\"noindex, follow\" \/>\n<meta property=\"og:locale\" content=\"en_GB\" \/>\n<meta property=\"og:type\" content=\"article\" \/>\n<meta property=\"og:title\" content=\"Predsjednica Vrhovnog suda u radnoj posjeti Op\u0161tini Ro\u017eaje - Op\u0161tina Ro\u017eaje\" \/>\n<meta property=\"og:description\" content=\"&nbsp; Predsjednik op\u0161tine Ro\u017eaje, Ejup Nurkovi\u0107 je danas u kabinetu primio predsjednicu Vrhovnog suda Crne Gore, gospo\u0111u Vesnu Medenicu, predsjednika Vi\u0161eg suda u Bijelom Polju,\u00a0gospodina\u00a0Tofila&#046;&#046;&#046;\" \/>\n<meta property=\"og:url\" content=\"https:\/\/www.rozaje.me\/en\/predsjednica-vrhovnog-suda-u-radnoj-posjeti-opstini-rozaje\/\" \/>\n<meta property=\"og:site_name\" content=\"Op\u0161tina Ro\u017eaje\" \/>\n<meta property=\"article:publisher\" content=\"https:\/\/www.facebook.com\/OpstinaRozajeOfficial\/\" \/>\n<meta property=\"article:published_time\" content=\"2015-05-07T17:06:48+00:00\" \/>\n<meta property=\"article:modified_time\" content=\"2015-05-07T17:18:12+00:00\" \/>\n<meta property=\"og:image\" content=\"https:\/\/www.rozaje.me\/wp-content\/uploads\/2015\/05\/unnamed.jpg\" \/>\n\t<meta property=\"og:image:width\" content=\"836\" \/>\n\t<meta property=\"og:image:height\" content=\"557\" \/>\n\t<meta property=\"og:image:type\" content=\"image\/jpeg\" \/>\n<meta name=\"author\" content=\"Mubera Fetahovi\u0107\" \/>\n<meta name=\"twitter:card\" content=\"summary_large_image\" \/>\n<meta name=\"twitter:label1\" content=\"Written by\" \/>\n\t<meta name=\"twitter:data1\" content=\"Mubera Fetahovi\u0107\" \/>\n\t<meta name=\"twitter:label2\" content=\"Estimated reading time\" \/>\n\t<meta name=\"twitter:data2\" content=\"1 minute\" \/>\n<script type=\"application\/ld+json\" class=\"yoast-schema-graph\">{\"@context\":\"https:\/\/schema.org\",\"@graph\":[{\"@type\":\"Article\",\"@id\":\"https:\/\/www.rozaje.me\/predsjednica-vrhovnog-suda-u-radnoj-posjeti-opstini-rozaje\/#article\",\"isPartOf\":{\"@id\":\"https:\/\/www.rozaje.me\/predsjednica-vrhovnog-suda-u-radnoj-posjeti-opstini-rozaje\/\"},\"author\":{\"name\":\"Mubera Fetahovi\u0107\",\"@id\":\"https:\/\/www.rozaje.me\/#\/schema\/person\/30d6e170867cf67940d835d2219f59cc\"},\"headline\":\"Predsjednica Vrhovnog suda u radnoj posjeti Op\u0161tini Ro\u017eaje\",\"datePublished\":\"2015-05-07T17:06:48+00:00\",\"dateModified\":\"2015-05-07T17:18:12+00:00\",\"mainEntityOfPage\":{\"@id\":\"https:\/\/www.rozaje.me\/predsjednica-vrhovnog-suda-u-radnoj-posjeti-opstini-rozaje\/\"},\"wordCount\":266,\"commentCount\":0,\"publisher\":{\"@id\":\"https:\/\/www.rozaje.me\/#organization\"},\"image\":{\"@id\":\"https:\/\/www.rozaje.me\/predsjednica-vrhovnog-suda-u-radnoj-posjeti-opstini-rozaje\/#primaryimage\"},\"thumbnailUrl\":\"https:\/\/www.rozaje.me\/wp-content\/uploads\/2015\/05\/unnamed.jpg\",\"articleSection\":[\"Prijemi, posjete, sastanci\",\"Vijesti\"],\"inLanguage\":\"en-GB\",\"potentialAction\":[{\"@type\":\"CommentAction\",\"name\":\"Comment\",\"target\":[\"https:\/\/www.rozaje.me\/predsjednica-vrhovnog-suda-u-radnoj-posjeti-opstini-rozaje\/#respond\"]}]},{\"@type\":\"WebPage\",\"@id\":\"https:\/\/www.rozaje.me\/predsjednica-vrhovnog-suda-u-radnoj-posjeti-opstini-rozaje\/\",\"url\":\"https:\/\/www.rozaje.me\/predsjednica-vrhovnog-suda-u-radnoj-posjeti-opstini-rozaje\/\",\"name\":\"Predsjednica Vrhovnog suda u radnoj posjeti Op\u0161tini Ro\u017eaje - Op\u0161tina Ro\u017eaje\",\"isPartOf\":{\"@id\":\"https:\/\/www.rozaje.me\/#website\"},\"primaryImageOfPage\":{\"@id\":\"https:\/\/www.rozaje.me\/predsjednica-vrhovnog-suda-u-radnoj-posjeti-opstini-rozaje\/#primaryimage\"},\"image\":{\"@id\":\"https:\/\/www.rozaje.me\/predsjednica-vrhovnog-suda-u-radnoj-posjeti-opstini-rozaje\/#primaryimage\"},\"thumbnailUrl\":\"https:\/\/www.rozaje.me\/wp-content\/uploads\/2015\/05\/unnamed.jpg\",\"datePublished\":\"2015-05-07T17:06:48+00:00\",\"dateModified\":\"2015-05-07T17:18:12+00:00\",\"breadcrumb\":{\"@id\":\"https:\/\/www.rozaje.me\/predsjednica-vrhovnog-suda-u-radnoj-posjeti-opstini-rozaje\/#breadcrumb\"},\"inLanguage\":\"en-GB\",\"potentialAction\":[{\"@type\":\"ReadAction\",\"target\":[\"https:\/\/www.rozaje.me\/predsjednica-vrhovnog-suda-u-radnoj-posjeti-opstini-rozaje\/\"]}]},{\"@type\":\"ImageObject\",\"inLanguage\":\"en-GB\",\"@id\":\"https:\/\/www.rozaje.me\/predsjednica-vrhovnog-suda-u-radnoj-posjeti-opstini-rozaje\/#primaryimage\",\"url\":\"https:\/\/www.rozaje.me\/wp-content\/uploads\/2015\/05\/unnamed.jpg\",\"contentUrl\":\"https:\/\/www.rozaje.me\/wp-content\/uploads\/2015\/05\/unnamed.jpg\",\"width\":836,\"height\":557},{\"@type\":\"BreadcrumbList\",\"@id\":\"https:\/\/www.rozaje.me\/predsjednica-vrhovnog-suda-u-radnoj-posjeti-opstini-rozaje\/#breadcrumb\",\"itemListElement\":[{\"@type\":\"ListItem\",\"position\":1,\"name\":\"Home\",\"item\":\"https:\/\/www.rozaje.me\/\"},{\"@type\":\"ListItem\",\"position\":2,\"name\":\"Predsjednica Vrhovnog suda u radnoj posjeti Op\u0161tini Ro\u017eaje\"}]},{\"@type\":\"WebSite\",\"@id\":\"https:\/\/www.rozaje.me\/#website\",\"url\":\"https:\/\/www.rozaje.me\/\",\"name\":\"Op\u0161tina Ro\u017eaje\",\"description\":\"Zvani\u010dna veb stranica Op\u0161tine Ro\u017eaje\",\"publisher\":{\"@id\":\"https:\/\/www.rozaje.me\/#organization\"},\"alternateName\":\"Opstina Rozaje\",\"potentialAction\":[{\"@type\":\"SearchAction\",\"target\":{\"@type\":\"EntryPoint\",\"urlTemplate\":\"https:\/\/www.rozaje.me\/?s={search_term_string}\"},\"query-input\":{\"@type\":\"PropertyValueSpecification\",\"valueRequired\":true,\"valueName\":\"search_term_string\"}}],\"inLanguage\":\"en-GB\"},{\"@type\":\"Organization\",\"@id\":\"https:\/\/www.rozaje.me\/#organization\",\"name\":\"Opstina Rozaje\",\"url\":\"https:\/\/www.rozaje.me\/\",\"logo\":{\"@type\":\"ImageObject\",\"inLanguage\":\"en-GB\",\"@id\":\"https:\/\/www.rozaje.me\/#\/schema\/logo\/image\/\",\"url\":\"https:\/\/www.rozaje.me\/wp-content\/uploads\/2022\/08\/logo-textless.svg\",\"contentUrl\":\"https:\/\/www.rozaje.me\/wp-content\/uploads\/2022\/08\/logo-textless.svg\",\"width\":108.00360000000000582076609134674072265625,\"height\":131.15059999999999718056642450392246246337890625,\"caption\":\"Opstina Rozaje\"},\"image\":{\"@id\":\"https:\/\/www.rozaje.me\/#\/schema\/logo\/image\/\"},\"sameAs\":[\"https:\/\/www.facebook.com\/OpstinaRozajeOfficial\/\",\"https:\/\/www.youtube.com\/channel\/UCepcislHIwc6KRZTLa6FIlg\"]},{\"@type\":\"Person\",\"@id\":\"https:\/\/www.rozaje.me\/#\/schema\/person\/30d6e170867cf67940d835d2219f59cc\",\"name\":\"Mubera Fetahovi\u0107\",\"image\":{\"@type\":\"ImageObject\",\"inLanguage\":\"en-GB\",\"@id\":\"https:\/\/secure.gravatar.com\/avatar\/2d1394e187bd3bc8ac53c0e1efd590dac2705267a49e0b05da56d69d2424d5df?s=96&d=mm&r=g\",\"url\":\"https:\/\/secure.gravatar.com\/avatar\/2d1394e187bd3bc8ac53c0e1efd590dac2705267a49e0b05da56d69d2424d5df?s=96&d=mm&r=g\",\"contentUrl\":\"https:\/\/secure.gravatar.com\/avatar\/2d1394e187bd3bc8ac53c0e1efd590dac2705267a49e0b05da56d69d2424d5df?s=96&d=mm&r=g\",\"caption\":\"Mubera Fetahovi\u0107\"},\"url\":\"https:\/\/www.rozaje.me\/en\/author\/mubera\/\"}]}<\/script>\n<!-- \/ Yoast SEO plugin. -->","yoast_head_json":{"title":"Predsjednica Vrhovnog suda u radnoj posjeti Op\u0161tini Ro\u017eaje - Op\u0161tina Ro\u017eaje","robots":{"index":"noindex","follow":"follow"},"og_locale":"en_GB","og_type":"article","og_title":"Predsjednica Vrhovnog suda u radnoj posjeti Op\u0161tini Ro\u017eaje - Op\u0161tina Ro\u017eaje","og_description":"&nbsp; Predsjednik op\u0161tine Ro\u017eaje, Ejup Nurkovi\u0107 je danas u kabinetu primio predsjednicu Vrhovnog suda Crne Gore, gospo\u0111u Vesnu Medenicu, predsjednika Vi\u0161eg suda u Bijelom Polju,\u00a0gospodina\u00a0Tofila&#46;&#46;&#46;","og_url":"https:\/\/www.rozaje.me\/en\/predsjednica-vrhovnog-suda-u-radnoj-posjeti-opstini-rozaje\/","og_site_name":"Op\u0161tina Ro\u017eaje","article_publisher":"https:\/\/www.facebook.com\/OpstinaRozajeOfficial\/","article_published_time":"2015-05-07T17:06:48+00:00","article_modified_time":"2015-05-07T17:18:12+00:00","og_image":[{"width":836,"height":557,"url":"https:\/\/www.rozaje.me\/wp-content\/uploads\/2015\/05\/unnamed.jpg","type":"image\/jpeg"}],"author":"Mubera Fetahovi\u0107","twitter_card":"summary_large_image","twitter_misc":{"Written by":"Mubera Fetahovi\u0107","Estimated reading time":"1 minute"},"schema":{"@context":"https:\/\/schema.org","@graph":[{"@type":"Article","@id":"https:\/\/www.rozaje.me\/predsjednica-vrhovnog-suda-u-radnoj-posjeti-opstini-rozaje\/#article","isPartOf":{"@id":"https:\/\/www.rozaje.me\/predsjednica-vrhovnog-suda-u-radnoj-posjeti-opstini-rozaje\/"},"author":{"name":"Mubera Fetahovi\u0107","@id":"https:\/\/www.rozaje.me\/#\/schema\/person\/30d6e170867cf67940d835d2219f59cc"},"headline":"Predsjednica Vrhovnog suda u radnoj posjeti Op\u0161tini Ro\u017eaje","datePublished":"2015-05-07T17:06:48+00:00","dateModified":"2015-05-07T17:18:12+00:00","mainEntityOfPage":{"@id":"https:\/\/www.rozaje.me\/predsjednica-vrhovnog-suda-u-radnoj-posjeti-opstini-rozaje\/"},"wordCount":266,"commentCount":0,"publisher":{"@id":"https:\/\/www.rozaje.me\/#organization"},"image":{"@id":"https:\/\/www.rozaje.me\/predsjednica-vrhovnog-suda-u-radnoj-posjeti-opstini-rozaje\/#primaryimage"},"thumbnailUrl":"https:\/\/www.rozaje.me\/wp-content\/uploads\/2015\/05\/unnamed.jpg","articleSection":["Prijemi, posjete, sastanci","Vijesti"],"inLanguage":"en-GB","potentialAction":[{"@type":"CommentAction","name":"Comment","target":["https:\/\/www.rozaje.me\/predsjednica-vrhovnog-suda-u-radnoj-posjeti-opstini-rozaje\/#respond"]}]},{"@type":"WebPage","@id":"https:\/\/www.rozaje.me\/predsjednica-vrhovnog-suda-u-radnoj-posjeti-opstini-rozaje\/","url":"https:\/\/www.rozaje.me\/predsjednica-vrhovnog-suda-u-radnoj-posjeti-opstini-rozaje\/","name":"Predsjednica Vrhovnog suda u radnoj posjeti Op\u0161tini Ro\u017eaje - Op\u0161tina Ro\u017eaje","isPartOf":{"@id":"https:\/\/www.rozaje.me\/#website"},"primaryImageOfPage":{"@id":"https:\/\/www.rozaje.me\/predsjednica-vrhovnog-suda-u-radnoj-posjeti-opstini-rozaje\/#primaryimage"},"image":{"@id":"https:\/\/www.rozaje.me\/predsjednica-vrhovnog-suda-u-radnoj-posjeti-opstini-rozaje\/#primaryimage"},"thumbnailUrl":"https:\/\/www.rozaje.me\/wp-content\/uploads\/2015\/05\/unnamed.jpg","datePublished":"2015-05-07T17:06:48+00:00","dateModified":"2015-05-07T17:18:12+00:00","breadcrumb":{"@id":"https:\/\/www.rozaje.me\/predsjednica-vrhovnog-suda-u-radnoj-posjeti-opstini-rozaje\/#breadcrumb"},"inLanguage":"en-GB","potentialAction":[{"@type":"ReadAction","target":["https:\/\/www.rozaje.me\/predsjednica-vrhovnog-suda-u-radnoj-posjeti-opstini-rozaje\/"]}]},{"@type":"ImageObject","inLanguage":"en-GB","@id":"https:\/\/www.rozaje.me\/predsjednica-vrhovnog-suda-u-radnoj-posjeti-opstini-rozaje\/#primaryimage","url":"https:\/\/www.rozaje.me\/wp-content\/uploads\/2015\/05\/unnamed.jpg","contentUrl":"https:\/\/www.rozaje.me\/wp-content\/uploads\/2015\/05\/unnamed.jpg","width":836,"height":557},{"@type":"BreadcrumbList","@id":"https:\/\/www.rozaje.me\/predsjednica-vrhovnog-suda-u-radnoj-posjeti-opstini-rozaje\/#breadcrumb","itemListElement":[{"@type":"ListItem","position":1,"name":"Home","item":"https:\/\/www.rozaje.me\/"},{"@type":"ListItem","position":2,"name":"Predsjednica Vrhovnog suda u radnoj posjeti Op\u0161tini Ro\u017eaje"}]},{"@type":"WebSite","@id":"https:\/\/www.rozaje.me\/#website","url":"https:\/\/www.rozaje.me\/","name":"Municipality of Ro\u017eaje","description":"The official website of the Municipality of Ro\u017eaje","publisher":{"@id":"https:\/\/www.rozaje.me\/#organization"},"alternateName":"Opstina Rozaje","potentialAction":[{"@type":"SearchAction","target":{"@type":"EntryPoint","urlTemplate":"https:\/\/www.rozaje.me\/?s={search_term_string}"},"query-input":{"@type":"PropertyValueSpecification","valueRequired":true,"valueName":"search_term_string"}}],"inLanguage":"en-GB"},{"@type":"Organization","@id":"https:\/\/www.rozaje.me\/#organization","name":"Opstina Rozaje","url":"https:\/\/www.rozaje.me\/","logo":{"@type":"ImageObject","inLanguage":"en-GB","@id":"https:\/\/www.rozaje.me\/#\/schema\/logo\/image\/","url":"https:\/\/www.rozaje.me\/wp-content\/uploads\/2022\/08\/logo-textless.svg","contentUrl":"https:\/\/www.rozaje.me\/wp-content\/uploads\/2022\/08\/logo-textless.svg","width":108.00360000000000582076609134674072265625,"height":131.15059999999999718056642450392246246337890625,"caption":"Opstina Rozaje"},"image":{"@id":"https:\/\/www.rozaje.me\/#\/schema\/logo\/image\/"},"sameAs":["https:\/\/www.facebook.com\/OpstinaRozajeOfficial\/","https:\/\/www.youtube.com\/channel\/UCepcislHIwc6KRZTLa6FIlg"]},{"@type":"Person","@id":"https:\/\/www.rozaje.me\/#\/schema\/person\/30d6e170867cf67940d835d2219f59cc","name":"Mubera Fetahovi\u0107","image":{"@type":"ImageObject","inLanguage":"en-GB","@id":"https:\/\/secure.gravatar.com\/avatar\/2d1394e187bd3bc8ac53c0e1efd590dac2705267a49e0b05da56d69d2424d5df?s=96&d=mm&r=g","url":"https:\/\/secure.gravatar.com\/avatar\/2d1394e187bd3bc8ac53c0e1efd590dac2705267a49e0b05da56d69d2424d5df?s=96&d=mm&r=g","contentUrl":"https:\/\/secure.gravatar.com\/avatar\/2d1394e187bd3bc8ac53c0e1efd590dac2705267a49e0b05da56d69d2424d5df?s=96&d=mm&r=g","caption":"Mubera Fetahovi\u0107"},"url":"https:\/\/www.rozaje.me\/en\/author\/mubera\/"}]}},"_links":{"self":[{"href":"https:\/\/www.rozaje.me\/en\/wp-json\/wp\/v2\/posts\/13357","targetHints":{"allow":["GET"]}}],"collection":[{"href":"https:\/\/www.rozaje.me\/en\/wp-json\/wp\/v2\/posts"}],"about":[{"href":"https:\/\/www.rozaje.me\/en\/wp-json\/wp\/v2\/types\/post"}],"author":[{"embeddable":true,"href":"https:\/\/www.rozaje.me\/en\/wp-json\/wp\/v2\/users\/11"}],"replies":[{"embeddable":true,"href":"https:\/\/www.rozaje.me\/en\/wp-json\/wp\/v2\/comments?post=13357"}],"version-history":[{"count":0,"href":"https:\/\/www.rozaje.me\/en\/wp-json\/wp\/v2\/posts\/13357\/revisions"}],"wp:featuredmedia":[{"embeddable":true,"href":"https:\/\/www.rozaje.me\/en\/wp-json\/wp\/v2\/media\/13358"}],"wp:attachment":[{"href":"https:\/\/www.rozaje.me\/en\/wp-json\/wp\/v2\/media?parent=13357"}],"wp:term":[{"taxonomy":"category","embeddable":true,"href":"https:\/\/www.rozaje.me\/en\/wp-json\/wp\/v2\/categories?post=13357"},{"taxonomy":"post_tag","embeddable":true,"href":"https:\/\/www.rozaje.me\/en\/wp-json\/wp\/v2\/tags?post=13357"}],"curies":[{"name":"wp","href":"https:\/\/api.w.org\/{rel}","templated":true}]}}